{"id":2521,"date":"2024-12-18T17:03:23","date_gmt":"2024-12-18T17:03:23","guid":{"rendered":"https:\/\/rainfor.org\/?p=2521"},"modified":"2024-12-19T16:31:45","modified_gmt":"2024-12-19T16:31:45","slug":"recordando-a-antonio-pena-cruz","status":"publish","type":"post","link":"https:\/\/rainfor.org\/es\/recordando-a-antonio-pena-cruz\/","title":{"rendered":"Recordando a Antonio Pe\u00f1a Cruz"},"content":{"rendered":"\n<h2 class=\"wp-block-heading\"><strong>Recordando a Antonio Pe\u00f1a Cruz<\/strong><\/h2>\n\n\n<div class=\"wp-block-image\">\n<figure class=\"alignleft size-large is-resized\"><img loading=\"lazy\" decoding=\"async\" width=\"768\" height=\"1024\" src=\"https:\/\/rainfor.org\/wp-content\/uploads\/sites\/129\/2024\/12\/Antonio-Pena-Iquitos-2011-1-768x1024.jpg\" alt=\"Antonio Pe\u00f1a Cruz, 2011\" class=\"wp-image-2522\" style=\"width:400px\" srcset=\"https:\/\/rainfor.org\/wp-content\/uploads\/sites\/129\/2024\/12\/Antonio-Pena-Iquitos-2011-1-768x1024.jpg 768w, https:\/\/rainfor.org\/wp-content\/uploads\/sites\/129\/2024\/12\/Antonio-Pena-Iquitos-2011-1-225x300.jpg 225w, https:\/\/rainfor.org\/wp-content\/uploads\/sites\/129\/2024\/12\/Antonio-Pena-Iquitos-2011-1-1152x1536.jpg 1152w, https:\/\/rainfor.org\/wp-content\/uploads\/sites\/129\/2024\/12\/Antonio-Pena-Iquitos-2011-1.jpg 1440w\" sizes=\"auto, (max-width: 768px) 100vw, 768px\" \/><figcaption class=\"wp-element-caption\"><em>Antonio Pe\u00f1a Cruz (1967 &#8211; 2024 +)<\/em><\/figcaption><\/figure>\n<\/div>\n\n\n<p>Les comunicamos la triste noticia de que Antonio Pe\u00f1a Cruz, escalador profesional de \u00e1rboles y colector bot\u00e1nico, falleci\u00f3 recientemente. Trabaj\u00f3 en los bosques amaz\u00f3nicos durante las \u00faltimas tres d\u00e9cadas. Fue un colaborador entusiasta y participante de RAINFOR, proporcionando datos de parcelas a largo plazo y apoyando activamente las intensas actividades de investigaci\u00f3n de parcelas que se instalaron y remidieron en Per\u00fa, particularmente en Loreto, Madre de Dios y Pasco.<\/p>\n\n\n\n<p>Conocimos a Antonio a fines de la d\u00e9cada de 1990, cuando ya era un escalador de \u00e1rboles profesional. Antonio era uno de los mejores en su especialidad: serio en cuanto a la importancia de su trabajo, solidario con sus estudiantes y generoso intelectualmente con colegas j\u00f3venes. Tambi\u00e9n era vigoroso y muy divertido en la conversaci\u00f3n. Antonio siempre estaba abierto a compartir sus conocimientos y recursos, viendo el valor adicional que esto podr\u00eda aportar a su grupo y a la ciencia. Siempre se sinti\u00f3 a gusto en el campo, especialmente en los bosques amaz\u00f3nicos y andinos de Bolivia, Ecuador y Per\u00fa en las que participo en diferentes campa\u00f1as de instalaci\u00f3n y remedici\u00f3n de parcelas de RAINFOR. El trabajo de Antonio tambi\u00e9n ha sido determinante en su paso como colector e investigador de campo con el Jard\u00edn Bot\u00e1nico de Missouri Programa Per\u00fa, donde participo en la colecci\u00f3n de al menos una treintena de especies nuevas para la ciencia.<\/p>\n\n\n\n<p>En una nota m\u00e1s personal, todos los que lo conocieron extra\u00f1ar\u00e1n su gran profesionalismo, risa y su habilidad para la cocina en el campo. Deja un gran vac\u00edo entre los amigos, compa\u00f1eros e investigadores que lo conocimos, una familia muy grande y vibrante que sabemos que llevar\u00e1 esa fuerza personal al futuro.<\/p>\n\n\n\n<p>Abel Monteagudo<\/p>\n\n\n\n<section id=\"g-1t20x61\" class=\"wp-block-gutentor-m0 alignfull section-g-1t20x61 gutentor-module gutentor-module-carousel gutentor-slick-a-default-desktop gutentor-slick-a-default-tablet gutentor-slick-a-default-mobile\"><div class=\"grid-container\"><div class=\"gutentor-module-carousel-row\" data-dots=\"true\" data-dotstablet=\"false\" data-dotsmobile=\"false\" data-arrows=\"true\" data-arrowstablet=\"true\" data-arrowsmobile=\"true\" data-infinite=\"false\" data-autoplay=\"true\" data-draggable=\"true\" data-pauseonfocus=\"true\" data-pauseonhover=\"true\" data-autoplayspeed=\"3000\" data-cmondesktop=\"false\" data-cmontablet=\"false\" data-cmonmobile=\"false\" data-nextarrow=\"fas fa-angle-right\" data-prevarrow=\"fas fa-angle-left\" data-arrowspositiondesktop=\"gutentor-slick-a-default-desktop\" data-arrowspositiontablet=\"gutentor-slick-a-default-tablet\" data-arrowspositionmobile=\"gutentor-slick-a-default-mobile\" data-speed=\"300\" data-slideitemdesktop=\"3\" data-slideitemtablet=\"3\" data-slideitemmobile=\"2\" data-slidescroll-desktop=\"3\" data-slidescroll-tablet=\"3\" data-slidescroll-mobile=\"2\">\n<div id=\"col-g-7bbzmuo\" class=\"wp-block-gutentor-m0-col col-g-7bbzmuo gutentor-carousel-item\"><div id=\"section-g-7bbzmuo\" class=\"section-g-7bbzmuo gutentor-col-wrap\">\n<div id=\"section-g-33pd5lb\" class=\"wp-block-gutentor-e6 section-g-33pd5lb gutentor-element gutentor-element-image gutentor-enabled-width\"><div class=\"gutentor-element-image-box\"><div class=\"gutentor-image-thumb\"><img decoding=\"async\" class=\"normal-image\" src=\"https:\/\/rainfor.org\/wp-content\/uploads\/sites\/129\/2024\/12\/Manu-4-1.jpg\" \/><\/div><\/div><\/div>\n\n\n\n<div id=\"section-g-zyhh491\" class=\"wp-block-gutentor-e0 section-g-zyhh491 gutentor-element gutentor-element-advanced-text\"><div class=\"gutentor-text-wrap\"><p class=\"gutentor-text\">Antonio y el equipo de campo, Manu, Peru, 2023.<\/p><\/div><\/div>\n<\/div><\/div>\n\n\n\n<div id=\"col-g-ds1bcsz\" class=\"wp-block-gutentor-m0-col col-g-ds1bcsz gutentor-carousel-item\"><div id=\"section-g-ds1bcsz\" class=\"section-g-ds1bcsz gutentor-col-wrap\">\n<div id=\"section-g-j2ygyzv\" class=\"wp-block-gutentor-e6 section-g-j2ygyzv gutentor-element gutentor-element-image\"><div class=\"gutentor-element-image-box\"><div class=\"gutentor-image-thumb\"><img decoding=\"async\" class=\"normal-image\" src=\"https:\/\/rainfor.org\/wp-content\/uploads\/sites\/129\/2024\/12\/Antonio-Una-de-las-ultimas-fotos-en-campo_Yanacahaga-_Set2024_crop-1.jpg\" \/><\/div><\/div><\/div>\n\n\n\n<div id=\"section-g-60w61zn\" class=\"wp-block-gutentor-e0 section-g-60w61zn gutentor-element gutentor-element-advanced-text\"><div class=\"gutentor-text-wrap\"><p class=\"gutentor-text\"><em>Ultima foto de Antonio Pena Cruz, en la remedici\u00f3n<\/em> <em>de parcelas en el Parque Nacional Yanachaga Chemill\u00e9n, con el equipo de remedici\u00f3n de RAINFOR, septiembre del 2024.<\/em><\/p><\/div><\/div>\n<\/div><\/div>\n\n\n\n<div id=\"col-g-rmson7p\" class=\"wp-block-gutentor-m0-col col-g-rmson7p gutentor-carousel-item\"><div id=\"section-g-rmson7p\" class=\"section-g-rmson7p gutentor-col-wrap\">\n<div id=\"section-g-7i9w3i9\" class=\"wp-block-gutentor-e6 section-g-7i9w3i9 gutentor-element gutentor-element-image\"><div class=\"gutentor-element-image-box\"><div class=\"gutentor-image-thumb\"><img decoding=\"async\" class=\"normal-image\" src=\"https:\/\/rainfor.org\/wp-content\/uploads\/sites\/129\/2024\/12\/AntonioPenaCruz_2-1.jpg\" \/><\/div><\/div><\/div>\n\n\n\n<div id=\"section-g-b3grsqm\" class=\"wp-block-gutentor-e0 section-g-b3grsqm gutentor-element gutentor-element-advanced-text\"><div class=\"gutentor-text-wrap\"><p class=\"gutentor-text\"><em>Antonio con el equipo de campo, Manu, Peru, 2023<\/em>.<\/p><\/div><\/div>\n<\/div><\/div>\n\n\n\n<div id=\"col-g-mo1z8b0\" class=\"wp-block-gutentor-m0-col col-g-mo1z8b0 gutentor-carousel-item\"><div id=\"section-g-mo1z8b0\" class=\"section-g-mo1z8b0 gutentor-col-wrap\">\n<div id=\"section-g-hhsjnsq\" class=\"wp-block-gutentor-e6 section-g-hhsjnsq gutentor-element gutentor-element-image\"><div class=\"gutentor-element-image-box\"><div class=\"gutentor-image-thumb\"><img decoding=\"async\" class=\"normal-image\" src=\"https:\/\/rainfor.org\/wp-content\/uploads\/sites\/129\/2024\/12\/Antonio-Pena-Cruz-Remidiendo-parcela-PNY-06-1.jpg\" \/><\/div><\/div><\/div>\n\n\n\n<div id=\"section-g-xrqrryj\" class=\"wp-block-gutentor-e0 section-g-xrqrryj gutentor-element gutentor-element-advanced-text\"><div class=\"gutentor-text-wrap\"><p class=\"gutentor-text\"><em>Antonio Pe\u00f1a Cruz, midiendo un arbol en la parcela PNY-06<\/em><\/p><\/div><\/div>\n<\/div><\/div>\n\n\n\n<div id=\"col-g-p4k647d\" class=\"wp-block-gutentor-m0-col col-g-p4k647d gutentor-carousel-item\"><div id=\"section-g-p4k647d\" class=\"section-g-p4k647d gutentor-col-wrap\">\n<div id=\"section-g-shk54ml\" class=\"wp-block-gutentor-e6 section-g-shk54ml gutentor-element gutentor-element-image\"><div class=\"gutentor-element-image-box\"><div class=\"gutentor-image-thumb\"><img decoding=\"async\" class=\"normal-image\" src=\"https:\/\/rainfor.org\/wp-content\/uploads\/sites\/129\/2024\/12\/Alegria-1998.jpg\" \/><\/div><\/div><\/div>\n\n\n\n<div id=\"section-g-uz99bku\" class=\"wp-block-gutentor-e0 section-g-uz99bku gutentor-element gutentor-element-advanced-text\"><div class=\"gutentor-text-wrap\"><p class=\"gutentor-text\"><em>Antonio Pe\u00f1a Cruz, 1998<\/em><\/p><\/div><\/div>\n<\/div><\/div>\n\n\n\n<div id=\"col-g-22uh51h\" class=\"wp-block-gutentor-m0-col col-g-22uh51h gutentor-carousel-item\"><div id=\"section-g-22uh51h\" class=\"section-g-22uh51h gutentor-col-wrap\">\n<div id=\"section-g-934swp2\" class=\"wp-block-gutentor-e6 section-g-934swp2 gutentor-element gutentor-element-image\"><div class=\"gutentor-element-image-box\"><div class=\"gutentor-image-thumb\"><img decoding=\"async\" class=\"normal-image\" src=\"https:\/\/rainfor.org\/wp-content\/uploads\/sites\/129\/2024\/12\/IMG_2344.jpg\" \/><\/div><\/div><\/div>\n<\/div><\/div>\n\n\n\n<div id=\"col-g-3g7yhye\" class=\"wp-block-gutentor-m0-col col-g-3g7yhye gutentor-carousel-item\"><div id=\"section-g-3g7yhye\" class=\"section-g-3g7yhye gutentor-col-wrap\">\n<div id=\"section-g-dvae7bb\" class=\"wp-block-gutentor-e6 section-g-dvae7bb gutentor-element gutentor-element-image\"><div class=\"gutentor-element-image-box\"><div class=\"gutentor-image-thumb\"><img decoding=\"async\" class=\"normal-image\" src=\"https:\/\/rainfor.org\/wp-content\/uploads\/sites\/129\/2024\/12\/IMG_4787.jpg\" \/><\/div><\/div><\/div>\n<\/div><\/div>\n\n\n\n<div id=\"col-g-ckzc1b1\" class=\"wp-block-gutentor-m0-col col-g-ckzc1b1 gutentor-carousel-item\"><div id=\"section-g-ckzc1b1\" class=\"section-g-ckzc1b1 gutentor-col-wrap\">\n<div id=\"section-g-xl1ot54\" class=\"wp-block-gutentor-e6 section-g-xl1ot54 gutentor-element gutentor-element-image\"><div class=\"gutentor-element-image-box\"><div class=\"gutentor-image-thumb\"><img decoding=\"async\" class=\"normal-image\" src=\"https:\/\/rainfor.org\/wp-content\/uploads\/sites\/129\/2024\/12\/IMG_4699.jpg\" \/><\/div><\/div><\/div>\n<\/div><\/div>\n\n\n\n<div id=\"col-g-1fcse1c\" class=\"wp-block-gutentor-m0-col col-g-1fcse1c gutentor-carousel-item\"><div id=\"section-g-1fcse1c\" class=\"section-g-1fcse1c gutentor-col-wrap\">\n<div id=\"section-g-dqj0q4q\" class=\"wp-block-gutentor-e6 section-g-dqj0q4q gutentor-element gutentor-element-image\"><div class=\"gutentor-element-image-box\"><div class=\"gutentor-image-thumb\"><img decoding=\"async\" class=\"normal-image\" src=\"https:\/\/rainfor.org\/wp-content\/uploads\/sites\/129\/2024\/12\/IMG_2366.jpg\" \/><\/div><\/div><\/div>\n<\/div><\/div>\n\n\n\n<div id=\"col-g-p0jdq3i\" class=\"wp-block-gutentor-m0-col col-g-p0jdq3i gutentor-carousel-item\"><div id=\"section-g-p0jdq3i\" class=\"section-g-p0jdq3i gutentor-col-wrap\">\n<div id=\"section-g-w9393ts\" class=\"wp-block-gutentor-e6 section-g-w9393ts gutentor-element gutentor-element-image\"><div class=\"gutentor-element-image-box\"><div class=\"gutentor-image-thumb\"><img decoding=\"async\" class=\"normal-image\" src=\"https:\/\/rainfor.org\/wp-content\/uploads\/sites\/129\/2024\/12\/Joey-Bolivia-pics-274.jpg\" \/><\/div><\/div><\/div>\n<\/div><\/div>\n<\/div><\/div><\/section>\n\n\n\n<p><\/p>\n\n\n\n<p><\/p>\n\n\n\n<p><\/p>\n\n\n\n<p><\/p>\n\n\n\n<p><\/p>\n","protected":false},"excerpt":{"rendered":"<p>Recordando a Antonio Pe\u00f1a Cruz Les comunicamos la triste noticia de que Antonio Pe\u00f1a Cruz, escalador profesional de \u00e1rboles y colector bot\u00e1nico, falleci\u00f3 recientemente. Trabaj\u00f3 en los bosques amaz\u00f3nicos durante las \u00faltimas tres d\u00e9cadas. Fue un colaborador entusiasta y participante de RAINFOR, proporcionando datos de parcelas a largo plazo y apoyando activamente las intensas actividades &#8230; <a title=\"Recordando a Antonio Pe\u00f1a Cruz\" class=\"read-more\" href=\"https:\/\/rainfor.org\/es\/recordando-a-antonio-pena-cruz\/\" aria-label=\"Leer m\u00e1s sobre Recordando a Antonio Pe\u00f1a Cruz\">Leer m\u00e1s<\/a><\/p>\n","protected":false},"author":597,"featured_media":0,"comment_status":"closed","ping_status":"closed","sticky":false,"template":"","format":"standard","meta":{"_acf_changed":false,"inline_featured_image":false,"_editorskit_title_hidden":false,"_editorskit_reading_time":0,"_editorskit_is_block_options_detached":false,"_editorskit_block_options_position":"{}","footnotes":""},"categories":[6],"tags":[],"class_list":["post-2521","post","type-post","status-publish","format-standard","hentry","category-news"],"acf":[],"gutentor_comment":0,"_links":{"self":[{"href":"https:\/\/rainfor.org\/es\/wp-json\/wp\/v2\/posts\/2521","targetHints":{"allow":["GET"]}}],"collection":[{"href":"https:\/\/rainfor.org\/es\/wp-json\/wp\/v2\/posts"}],"about":[{"href":"https:\/\/rainfor.org\/es\/wp-json\/wp\/v2\/types\/post"}],"author":[{"embeddable":true,"href":"https:\/\/rainfor.org\/es\/wp-json\/wp\/v2\/users\/597"}],"replies":[{"embeddable":true,"href":"https:\/\/rainfor.org\/es\/wp-json\/wp\/v2\/comments?post=2521"}],"version-history":[{"count":0,"href":"https:\/\/rainfor.org\/es\/wp-json\/wp\/v2\/posts\/2521\/revisions"}],"wp:attachment":[{"href":"https:\/\/rainfor.org\/es\/wp-json\/wp\/v2\/media?parent=2521"}],"wp:term":[{"taxonomy":"category","embeddable":true,"href":"https:\/\/rainfor.org\/es\/wp-json\/wp\/v2\/categories?post=2521"},{"taxonomy":"post_tag","embeddable":true,"href":"https:\/\/rainfor.org\/es\/wp-json\/wp\/v2\/tags?post=2521"}],"curies":[{"name":"wp","href":"https:\/\/api.w.org\/{rel}","templated":true}]}}